{"id":4359,"date":"2026-04-23T17:00:00","date_gmt":"2026-04-23T17:00:00","guid":{"rendered":"https:\/\/lacrosse.ca\/?p=4359"},"modified":"2026-04-23T21:28:37","modified_gmt":"2026-04-23T21:28:37","slug":"crosse-canada-fait-le-point-a-la-suite-de-lassemblee-extraordinaire-des-membres","status":"publish","type":"post","link":"https:\/\/lacrosse.ca\/fr\/crosse-canada-fait-le-point-a-la-suite-de-lassemblee-extraordinaire-des-membres\/","title":{"rendered":"Crosse Canada fait le point \u00e0 la suite de l\u2019assembl\u00e9e extraordinaire des membres"},"content":{"rendered":"\n<p>Crosse Canada reconna\u00eet le r\u00e9sultat de l\u2019assembl\u00e9e extraordinaire des membres tenue le 21 avril 2026, au cours de laquelle un vote des membres a men\u00e9 \u00e0 une transition de leadership.<br\/><\/p>\n\n<p>En tant qu\u2019organisation dirig\u00e9e par ses membres, Crosse Canada respecte la d\u00e9cision de ses membres ainsi que le processus de gouvernance qui guide le sport \u00e0 travers le pays.<br\/><\/p>\n\n<p>Nous adressons nos sinc\u00e8res remerciements \u00e0 Matt Shearer pour ses nombreuses ann\u00e9es de service \u00e0 Crosse Canada, notamment \u00e0 titre d\u2019administrateur et, plus r\u00e9cemment, de pr\u00e9sident. Son leadership, son engagement et ses contributions ont jou\u00e9 un r\u00f4le important dans le soutien de l\u2019organisation et de l\u2019ensemble de la communaut\u00e9 de la crosse. <br\/><\/p>\n\n<p>Crosse Canada demeure r\u00e9solue \u00e0 poursuivre son \u00e9volution, notamment par le recrutement d\u2019un nouveau directeur g\u00e9n\u00e9ral, et \u00e0 livrer ses priorit\u00e9s strat\u00e9giques. Le personnel et la direction demeurent align\u00e9s afin de soutenir les associations membres, les athl\u00e8tes et les partenaires \u00e0 travers le pays. <br\/><\/p>\n\n<p>Le conseil d\u2019administration se r\u00e9unira dans les prochains jours afin de d\u00e9terminer les prochaines \u00e9tapes en mati\u00e8re de leadership, y compris la nomination d\u2019un nouveau pr\u00e9sident.<br\/><\/p>\n\n<p>D\u2019autres mises \u00e0 jour seront communiqu\u00e9es au besoin.<\/p>\n","protected":false},"excerpt":{"rendered":"<p>Crosse Canada reconna\u00eet le r\u00e9sultat de l\u2019assembl\u00e9e extraordinaire des membres tenue le 21 avril 2026, au cours de laquelle un vote des membres a men\u00e9 \u00e0 une transition de leadership. En tant qu\u2019organisation dirig\u00e9e par ses membres, Crosse Canada respecte la d\u00e9cision de ses membres ainsi que le processus de gouvernance qui guide le sport [&hellip;]<\/p>\n","protected":false},"author":5,"featured_media":4361,"comment_status":"closed","ping_status":"closed","sticky":false,"template":"","format":"standard","meta":{"_acf_changed":false,"_bbp_topic_count":0,"_bbp_reply_count":0,"_bbp_total_topic_count":0,"_bbp_total_reply_count":0,"_bbp_voice_count":0,"_bbp_anonymous_reply_count":0,"_bbp_topic_count_hidden":0,"_bbp_reply_count_hidden":0,"_bbp_forum_subforum_count":0,"footnotes":""},"categories":[106],"tags":[],"class_list":["post-4359","post","type-post","status-publish","format-standard","has-post-thumbnail","hentry","category-nouvelles-generales"],"acf":[],"yoast_head":"<!-- This site is optimized with the Yoast SEO plugin v27.2 - https:\/\/yoast.com\/product\/yoast-seo-wordpress\/ -->\n<title>Crosse Canada fait le point \u00e0 la suite de l\u2019assembl\u00e9e extraordinaire des membres - Lacrosse Canada<\/title>\n<meta name=\"description\" content=\"Crosse Canada fait le point \u00e0 la suite de l\u2019assembl\u00e9e extraordinaire des membres tenue le 21 avril 2026, au cours de laquelle une transition de leadership a \u00e9t\u00e9 confirm\u00e9e. L\u2019organisation respecte la d\u00e9cision de ses membres et remercie Matt Shearer pour son service et ses contributions au sport. Crosse Canada demeure ax\u00e9e sur la stabilit\u00e9, la continuit\u00e9 et la r\u00e9alisation de ses priorit\u00e9s strat\u00e9giques, y compris le recrutement d\u2019un nouveau directeur g\u00e9n\u00e9ral. Le conseil d\u2019administration se r\u00e9unira dans les prochains jours afin de d\u00e9terminer les prochaines \u00e9tapes en mati\u00e8re de leadership. D\u2019autres mises \u00e0 jour seront communiqu\u00e9es au besoin, alors que l\u2019organisation continue de soutenir les associations membres, les athl\u00e8tes et les partenaires \u00e0 travers le pays.\" \/>\n<meta name=\"robots\" content=\"index, follow, max-snippet:-1, max-image-preview:large, max-video-preview:-1\" \/>\n<link rel=\"canonical\" href=\"https:\/\/lacrosse.ca\/fr\/crosse-canada-fait-le-point-a-la-suite-de-lassemblee-extraordinaire-des-membres\/\" \/>\n<meta property=\"og:locale\" content=\"fr_FR\" \/>\n<meta property=\"og:type\" content=\"article\" \/>\n<meta property=\"og:title\" content=\"Crosse Canada fait le point \u00e0 la suite de l\u2019assembl\u00e9e extraordinaire des membres - Lacrosse Canada\" \/>\n<meta property=\"og:description\" content=\"Crosse Canada fait le point \u00e0 la suite de l\u2019assembl\u00e9e extraordinaire des membres tenue le 21 avril 2026, au cours de laquelle une transition de leadership a \u00e9t\u00e9 confirm\u00e9e. L\u2019organisation respecte la d\u00e9cision de ses membres et remercie Matt Shearer pour son service et ses contributions au sport. Crosse Canada demeure ax\u00e9e sur la stabilit\u00e9, la continuit\u00e9 et la r\u00e9alisation de ses priorit\u00e9s strat\u00e9giques, y compris le recrutement d\u2019un nouveau directeur g\u00e9n\u00e9ral. Le conseil d\u2019administration se r\u00e9unira dans les prochains jours afin de d\u00e9terminer les prochaines \u00e9tapes en mati\u00e8re de leadership. D\u2019autres mises \u00e0 jour seront communiqu\u00e9es au besoin, alors que l\u2019organisation continue de soutenir les associations membres, les athl\u00e8tes et les partenaires \u00e0 travers le pays.\" \/>\n<meta property=\"og:url\" content=\"https:\/\/lacrosse.ca\/fr\/crosse-canada-fait-le-point-a-la-suite-de-lassemblee-extraordinaire-des-membres\/\" \/>\n<meta property=\"og:site_name\" content=\"Lacrosse Canada\" \/>\n<meta property=\"article:published_time\" content=\"2026-04-23T17:00:00+00:00\" \/>\n<meta property=\"article:modified_time\" content=\"2026-04-23T21:28:37+00:00\" \/>\n<meta property=\"og:image\" content=\"https:\/\/lacrosse.ca\/wp-content\/uploads\/2026\/04\/LC-Update-4.png\" \/>\n\t<meta property=\"og:image:width\" content=\"1080\" \/>\n\t<meta property=\"og:image:height\" content=\"1350\" \/>\n\t<meta property=\"og:image:type\" content=\"image\/png\" \/>\n<meta name=\"author\" content=\"kealan pilon\" \/>\n<meta name=\"twitter:card\" content=\"summary_large_image\" \/>\n<meta name=\"twitter:label1\" content=\"Written by\" \/>\n\t<meta name=\"twitter:data1\" content=\"kealan pilon\" \/>\n\t<meta name=\"twitter:label2\" content=\"Est. reading time\" \/>\n\t<meta name=\"twitter:data2\" content=\"2 minutes\" \/>\n<script type=\"application\/ld+json\" class=\"yoast-schema-graph\">{\"@context\":\"https:\/\/schema.org\",\"@graph\":[{\"@type\":\"Article\",\"@id\":\"https:\/\/lacrosse.ca\/fr\/crosse-canada-fait-le-point-a-la-suite-de-lassemblee-extraordinaire-des-membres\/#article\",\"isPartOf\":{\"@id\":\"https:\/\/lacrosse.ca\/fr\/crosse-canada-fait-le-point-a-la-suite-de-lassemblee-extraordinaire-des-membres\/\"},\"author\":{\"name\":\"kealan pilon\",\"@id\":\"https:\/\/lacrosse.ca\/fr\/#\/schema\/person\/e7a4bc121e846a31f7675361e08a0f43\"},\"headline\":\"Crosse Canada fait le point \u00e0 la suite de l\u2019assembl\u00e9e extraordinaire des membres\",\"datePublished\":\"2026-04-23T17:00:00+00:00\",\"dateModified\":\"2026-04-23T21:28:37+00:00\",\"mainEntityOfPage\":{\"@id\":\"https:\/\/lacrosse.ca\/fr\/crosse-canada-fait-le-point-a-la-suite-de-lassemblee-extraordinaire-des-membres\/\"},\"wordCount\":223,\"publisher\":{\"@id\":\"https:\/\/lacrosse.ca\/fr\/#organization\"},\"image\":{\"@id\":\"https:\/\/lacrosse.ca\/fr\/crosse-canada-fait-le-point-a-la-suite-de-lassemblee-extraordinaire-des-membres\/#primaryimage\"},\"thumbnailUrl\":\"https:\/\/lacrosse.ca\/wp-content\/uploads\/2026\/04\/LC-Update-4.png\",\"articleSection\":[\"Nouvelles g\u00e9n\u00e9rales\"],\"inLanguage\":\"fr-FR\"},{\"@type\":\"WebPage\",\"@id\":\"https:\/\/lacrosse.ca\/fr\/crosse-canada-fait-le-point-a-la-suite-de-lassemblee-extraordinaire-des-membres\/\",\"url\":\"https:\/\/lacrosse.ca\/fr\/crosse-canada-fait-le-point-a-la-suite-de-lassemblee-extraordinaire-des-membres\/\",\"name\":\"Crosse Canada fait le point \u00e0 la suite de l\u2019assembl\u00e9e extraordinaire des membres - Lacrosse Canada\",\"isPartOf\":{\"@id\":\"https:\/\/lacrosse.ca\/fr\/#website\"},\"primaryImageOfPage\":{\"@id\":\"https:\/\/lacrosse.ca\/fr\/crosse-canada-fait-le-point-a-la-suite-de-lassemblee-extraordinaire-des-membres\/#primaryimage\"},\"image\":{\"@id\":\"https:\/\/lacrosse.ca\/fr\/crosse-canada-fait-le-point-a-la-suite-de-lassemblee-extraordinaire-des-membres\/#primaryimage\"},\"thumbnailUrl\":\"https:\/\/lacrosse.ca\/wp-content\/uploads\/2026\/04\/LC-Update-4.png\",\"datePublished\":\"2026-04-23T17:00:00+00:00\",\"dateModified\":\"2026-04-23T21:28:37+00:00\",\"description\":\"Crosse Canada fait le point \u00e0 la suite de l\u2019assembl\u00e9e extraordinaire des membres tenue le 21 avril 2026, au cours de laquelle une transition de leadership a \u00e9t\u00e9 confirm\u00e9e. L\u2019organisation respecte la d\u00e9cision de ses membres et remercie Matt Shearer pour son service et ses contributions au sport. Crosse Canada demeure ax\u00e9e sur la stabilit\u00e9, la continuit\u00e9 et la r\u00e9alisation de ses priorit\u00e9s strat\u00e9giques, y compris le recrutement d\u2019un nouveau directeur g\u00e9n\u00e9ral. Le conseil d\u2019administration se r\u00e9unira dans les prochains jours afin de d\u00e9terminer les prochaines \u00e9tapes en mati\u00e8re de leadership. D\u2019autres mises \u00e0 jour seront communiqu\u00e9es au besoin, alors que l\u2019organisation continue de soutenir les associations membres, les athl\u00e8tes et les partenaires \u00e0 travers le pays.\",\"breadcrumb\":{\"@id\":\"https:\/\/lacrosse.ca\/fr\/crosse-canada-fait-le-point-a-la-suite-de-lassemblee-extraordinaire-des-membres\/#breadcrumb\"},\"inLanguage\":\"fr-FR\",\"potentialAction\":[{\"@type\":\"ReadAction\",\"target\":[\"https:\/\/lacrosse.ca\/fr\/crosse-canada-fait-le-point-a-la-suite-de-lassemblee-extraordinaire-des-membres\/\"]}]},{\"@type\":\"ImageObject\",\"inLanguage\":\"fr-FR\",\"@id\":\"https:\/\/lacrosse.ca\/fr\/crosse-canada-fait-le-point-a-la-suite-de-lassemblee-extraordinaire-des-membres\/#primaryimage\",\"url\":\"https:\/\/lacrosse.ca\/wp-content\/uploads\/2026\/04\/LC-Update-4.png\",\"contentUrl\":\"https:\/\/lacrosse.ca\/wp-content\/uploads\/2026\/04\/LC-Update-4.png\",\"width\":1080,\"height\":1350},{\"@type\":\"BreadcrumbList\",\"@id\":\"https:\/\/lacrosse.ca\/fr\/crosse-canada-fait-le-point-a-la-suite-de-lassemblee-extraordinaire-des-membres\/#breadcrumb\",\"itemListElement\":[{\"@type\":\"ListItem\",\"position\":1,\"name\":\"Home\",\"item\":\"https:\/\/lacrosse.ca\/fr\/maison-2\/\"},{\"@type\":\"ListItem\",\"position\":2,\"name\":\"Nouvelles g\u00e9n\u00e9rales\",\"item\":\"https:\/\/lacrosse.ca\/fr\/category\/nouvelles-generales\/\"},{\"@type\":\"ListItem\",\"position\":3,\"name\":\"Crosse Canada fait le point \u00e0 la suite de l\u2019assembl\u00e9e extraordinaire des membres\"}]},{\"@type\":\"WebSite\",\"@id\":\"https:\/\/lacrosse.ca\/fr\/#website\",\"url\":\"https:\/\/lacrosse.ca\/fr\/\",\"name\":\"Lacrosse Canada\",\"description\":\"The World&#039;s Leading Lacrosse Program\",\"publisher\":{\"@id\":\"https:\/\/lacrosse.ca\/fr\/#organization\"},\"potentialAction\":[{\"@type\":\"SearchAction\",\"target\":{\"@type\":\"EntryPoint\",\"urlTemplate\":\"https:\/\/lacrosse.ca\/fr\/?s={search_term_string}\"},\"query-input\":{\"@type\":\"PropertyValueSpecification\",\"valueRequired\":true,\"valueName\":\"search_term_string\"}}],\"inLanguage\":\"fr-FR\"},{\"@type\":\"Organization\",\"@id\":\"https:\/\/lacrosse.ca\/fr\/#organization\",\"name\":\"Lacrosse Canada\",\"url\":\"https:\/\/lacrosse.ca\/fr\/\",\"logo\":{\"@type\":\"ImageObject\",\"inLanguage\":\"fr-FR\",\"@id\":\"https:\/\/lacrosse.ca\/fr\/#\/schema\/logo\/image\/\",\"url\":\"https:\/\/lacrosse.ca\/wp-content\/uploads\/2025\/01\/Lacrosse-Canada-Seal-Favicon.gif\",\"contentUrl\":\"https:\/\/lacrosse.ca\/wp-content\/uploads\/2025\/01\/Lacrosse-Canada-Seal-Favicon.gif\",\"width\":512,\"height\":512,\"caption\":\"Lacrosse Canada\"},\"image\":{\"@id\":\"https:\/\/lacrosse.ca\/fr\/#\/schema\/logo\/image\/\"}},{\"@type\":\"Person\",\"@id\":\"https:\/\/lacrosse.ca\/fr\/#\/schema\/person\/e7a4bc121e846a31f7675361e08a0f43\",\"name\":\"kealan pilon\",\"sameAs\":[\"https:\/\/lacrosse.ca\"],\"url\":\"https:\/\/lacrosse.ca\/fr\/author\/kealan\/\"}]}<\/script>\n<!-- \/ Yoast SEO plugin. -->","yoast_head_json":{"title":"Crosse Canada fait le point \u00e0 la suite de l\u2019assembl\u00e9e extraordinaire des membres - Lacrosse Canada","description":"Crosse Canada fait le point \u00e0 la suite de l\u2019assembl\u00e9e extraordinaire des membres tenue le 21 avril 2026, au cours de laquelle une transition de leadership a \u00e9t\u00e9 confirm\u00e9e. L\u2019organisation respecte la d\u00e9cision de ses membres et remercie Matt Shearer pour son service et ses contributions au sport. Crosse Canada demeure ax\u00e9e sur la stabilit\u00e9, la continuit\u00e9 et la r\u00e9alisation de ses priorit\u00e9s strat\u00e9giques, y compris le recrutement d\u2019un nouveau directeur g\u00e9n\u00e9ral. Le conseil d\u2019administration se r\u00e9unira dans les prochains jours afin de d\u00e9terminer les prochaines \u00e9tapes en mati\u00e8re de leadership. D\u2019autres mises \u00e0 jour seront communiqu\u00e9es au besoin, alors que l\u2019organisation continue de soutenir les associations membres, les athl\u00e8tes et les partenaires \u00e0 travers le pays.","robots":{"index":"index","follow":"follow","max-snippet":"max-snippet:-1","max-image-preview":"max-image-preview:large","max-video-preview":"max-video-preview:-1"},"canonical":"https:\/\/lacrosse.ca\/fr\/crosse-canada-fait-le-point-a-la-suite-de-lassemblee-extraordinaire-des-membres\/","og_locale":"fr_FR","og_type":"article","og_title":"Crosse Canada fait le point \u00e0 la suite de l\u2019assembl\u00e9e extraordinaire des membres - Lacrosse Canada","og_description":"Crosse Canada fait le point \u00e0 la suite de l\u2019assembl\u00e9e extraordinaire des membres tenue le 21 avril 2026, au cours de laquelle une transition de leadership a \u00e9t\u00e9 confirm\u00e9e. L\u2019organisation respecte la d\u00e9cision de ses membres et remercie Matt Shearer pour son service et ses contributions au sport. Crosse Canada demeure ax\u00e9e sur la stabilit\u00e9, la continuit\u00e9 et la r\u00e9alisation de ses priorit\u00e9s strat\u00e9giques, y compris le recrutement d\u2019un nouveau directeur g\u00e9n\u00e9ral. Le conseil d\u2019administration se r\u00e9unira dans les prochains jours afin de d\u00e9terminer les prochaines \u00e9tapes en mati\u00e8re de leadership. D\u2019autres mises \u00e0 jour seront communiqu\u00e9es au besoin, alors que l\u2019organisation continue de soutenir les associations membres, les athl\u00e8tes et les partenaires \u00e0 travers le pays.","og_url":"https:\/\/lacrosse.ca\/fr\/crosse-canada-fait-le-point-a-la-suite-de-lassemblee-extraordinaire-des-membres\/","og_site_name":"Lacrosse Canada","article_published_time":"2026-04-23T17:00:00+00:00","article_modified_time":"2026-04-23T21:28:37+00:00","og_image":[{"width":1080,"height":1350,"url":"https:\/\/lacrosse.ca\/wp-content\/uploads\/2026\/04\/LC-Update-4.png","type":"image\/png"}],"author":"kealan pilon","twitter_card":"summary_large_image","twitter_misc":{"Written by":"kealan pilon","Est. reading time":"2 minutes"},"schema":{"@context":"https:\/\/schema.org","@graph":[{"@type":"Article","@id":"https:\/\/lacrosse.ca\/fr\/crosse-canada-fait-le-point-a-la-suite-de-lassemblee-extraordinaire-des-membres\/#article","isPartOf":{"@id":"https:\/\/lacrosse.ca\/fr\/crosse-canada-fait-le-point-a-la-suite-de-lassemblee-extraordinaire-des-membres\/"},"author":{"name":"kealan pilon","@id":"https:\/\/lacrosse.ca\/fr\/#\/schema\/person\/e7a4bc121e846a31f7675361e08a0f43"},"headline":"Crosse Canada fait le point \u00e0 la suite de l\u2019assembl\u00e9e extraordinaire des membres","datePublished":"2026-04-23T17:00:00+00:00","dateModified":"2026-04-23T21:28:37+00:00","mainEntityOfPage":{"@id":"https:\/\/lacrosse.ca\/fr\/crosse-canada-fait-le-point-a-la-suite-de-lassemblee-extraordinaire-des-membres\/"},"wordCount":223,"publisher":{"@id":"https:\/\/lacrosse.ca\/fr\/#organization"},"image":{"@id":"https:\/\/lacrosse.ca\/fr\/crosse-canada-fait-le-point-a-la-suite-de-lassemblee-extraordinaire-des-membres\/#primaryimage"},"thumbnailUrl":"https:\/\/lacrosse.ca\/wp-content\/uploads\/2026\/04\/LC-Update-4.png","articleSection":["Nouvelles g\u00e9n\u00e9rales"],"inLanguage":"fr-FR"},{"@type":"WebPage","@id":"https:\/\/lacrosse.ca\/fr\/crosse-canada-fait-le-point-a-la-suite-de-lassemblee-extraordinaire-des-membres\/","url":"https:\/\/lacrosse.ca\/fr\/crosse-canada-fait-le-point-a-la-suite-de-lassemblee-extraordinaire-des-membres\/","name":"Crosse Canada fait le point \u00e0 la suite de l\u2019assembl\u00e9e extraordinaire des membres - Lacrosse Canada","isPartOf":{"@id":"https:\/\/lacrosse.ca\/fr\/#website"},"primaryImageOfPage":{"@id":"https:\/\/lacrosse.ca\/fr\/crosse-canada-fait-le-point-a-la-suite-de-lassemblee-extraordinaire-des-membres\/#primaryimage"},"image":{"@id":"https:\/\/lacrosse.ca\/fr\/crosse-canada-fait-le-point-a-la-suite-de-lassemblee-extraordinaire-des-membres\/#primaryimage"},"thumbnailUrl":"https:\/\/lacrosse.ca\/wp-content\/uploads\/2026\/04\/LC-Update-4.png","datePublished":"2026-04-23T17:00:00+00:00","dateModified":"2026-04-23T21:28:37+00:00","description":"Crosse Canada fait le point \u00e0 la suite de l\u2019assembl\u00e9e extraordinaire des membres tenue le 21 avril 2026, au cours de laquelle une transition de leadership a \u00e9t\u00e9 confirm\u00e9e. L\u2019organisation respecte la d\u00e9cision de ses membres et remercie Matt Shearer pour son service et ses contributions au sport. Crosse Canada demeure ax\u00e9e sur la stabilit\u00e9, la continuit\u00e9 et la r\u00e9alisation de ses priorit\u00e9s strat\u00e9giques, y compris le recrutement d\u2019un nouveau directeur g\u00e9n\u00e9ral. Le conseil d\u2019administration se r\u00e9unira dans les prochains jours afin de d\u00e9terminer les prochaines \u00e9tapes en mati\u00e8re de leadership. D\u2019autres mises \u00e0 jour seront communiqu\u00e9es au besoin, alors que l\u2019organisation continue de soutenir les associations membres, les athl\u00e8tes et les partenaires \u00e0 travers le pays.","breadcrumb":{"@id":"https:\/\/lacrosse.ca\/fr\/crosse-canada-fait-le-point-a-la-suite-de-lassemblee-extraordinaire-des-membres\/#breadcrumb"},"inLanguage":"fr-FR","potentialAction":[{"@type":"ReadAction","target":["https:\/\/lacrosse.ca\/fr\/crosse-canada-fait-le-point-a-la-suite-de-lassemblee-extraordinaire-des-membres\/"]}]},{"@type":"ImageObject","inLanguage":"fr-FR","@id":"https:\/\/lacrosse.ca\/fr\/crosse-canada-fait-le-point-a-la-suite-de-lassemblee-extraordinaire-des-membres\/#primaryimage","url":"https:\/\/lacrosse.ca\/wp-content\/uploads\/2026\/04\/LC-Update-4.png","contentUrl":"https:\/\/lacrosse.ca\/wp-content\/uploads\/2026\/04\/LC-Update-4.png","width":1080,"height":1350},{"@type":"BreadcrumbList","@id":"https:\/\/lacrosse.ca\/fr\/crosse-canada-fait-le-point-a-la-suite-de-lassemblee-extraordinaire-des-membres\/#breadcrumb","itemListElement":[{"@type":"ListItem","position":1,"name":"Home","item":"https:\/\/lacrosse.ca\/fr\/maison-2\/"},{"@type":"ListItem","position":2,"name":"Nouvelles g\u00e9n\u00e9rales","item":"https:\/\/lacrosse.ca\/fr\/category\/nouvelles-generales\/"},{"@type":"ListItem","position":3,"name":"Crosse Canada fait le point \u00e0 la suite de l\u2019assembl\u00e9e extraordinaire des membres"}]},{"@type":"WebSite","@id":"https:\/\/lacrosse.ca\/fr\/#website","url":"https:\/\/lacrosse.ca\/fr\/","name":"Lacrosse Canada","description":"The World&#039;s Leading Lacrosse Program","publisher":{"@id":"https:\/\/lacrosse.ca\/fr\/#organization"},"potentialAction":[{"@type":"SearchAction","target":{"@type":"EntryPoint","urlTemplate":"https:\/\/lacrosse.ca\/fr\/?s={search_term_string}"},"query-input":{"@type":"PropertyValueSpecification","valueRequired":true,"valueName":"search_term_string"}}],"inLanguage":"fr-FR"},{"@type":"Organization","@id":"https:\/\/lacrosse.ca\/fr\/#organization","name":"Lacrosse Canada","url":"https:\/\/lacrosse.ca\/fr\/","logo":{"@type":"ImageObject","inLanguage":"fr-FR","@id":"https:\/\/lacrosse.ca\/fr\/#\/schema\/logo\/image\/","url":"https:\/\/lacrosse.ca\/wp-content\/uploads\/2025\/01\/Lacrosse-Canada-Seal-Favicon.gif","contentUrl":"https:\/\/lacrosse.ca\/wp-content\/uploads\/2025\/01\/Lacrosse-Canada-Seal-Favicon.gif","width":512,"height":512,"caption":"Lacrosse Canada"},"image":{"@id":"https:\/\/lacrosse.ca\/fr\/#\/schema\/logo\/image\/"}},{"@type":"Person","@id":"https:\/\/lacrosse.ca\/fr\/#\/schema\/person\/e7a4bc121e846a31f7675361e08a0f43","name":"kealan pilon","sameAs":["https:\/\/lacrosse.ca"],"url":"https:\/\/lacrosse.ca\/fr\/author\/kealan\/"}]}},"_links":{"self":[{"href":"https:\/\/lacrosse.ca\/fr\/wp-json\/wp\/v2\/posts\/4359","targetHints":{"allow":["GET"]}}],"collection":[{"href":"https:\/\/lacrosse.ca\/fr\/wp-json\/wp\/v2\/posts"}],"about":[{"href":"https:\/\/lacrosse.ca\/fr\/wp-json\/wp\/v2\/types\/post"}],"author":[{"embeddable":true,"href":"https:\/\/lacrosse.ca\/fr\/wp-json\/wp\/v2\/users\/5"}],"replies":[{"embeddable":true,"href":"https:\/\/lacrosse.ca\/fr\/wp-json\/wp\/v2\/comments?post=4359"}],"version-history":[{"count":0,"href":"https:\/\/lacrosse.ca\/fr\/wp-json\/wp\/v2\/posts\/4359\/revisions"}],"wp:featuredmedia":[{"embeddable":true,"href":"https:\/\/lacrosse.ca\/fr\/wp-json\/wp\/v2\/media\/4361"}],"wp:attachment":[{"href":"https:\/\/lacrosse.ca\/fr\/wp-json\/wp\/v2\/media?parent=4359"}],"wp:term":[{"taxonomy":"category","embeddable":true,"href":"https:\/\/lacrosse.ca\/fr\/wp-json\/wp\/v2\/categories?post=4359"},{"taxonomy":"post_tag","embeddable":true,"href":"https:\/\/lacrosse.ca\/fr\/wp-json\/wp\/v2\/tags?post=4359"}],"curies":[{"name":"wp","href":"https:\/\/api.w.org\/{rel}","templated":true}]}}